{"id":2322,"date":"2020-01-01T09:10:00","date_gmt":"2020-01-01T09:10:00","guid":{"rendered":"http:\/\/www.i4e.be\/?p=2322"},"modified":"2021-11-19T14:49:41","modified_gmt":"2021-11-19T14:49:41","slug":"concerts-choral-avec-lensemble-vocal-de-bruxelles","status":"publish","type":"post","link":"http:\/\/www.i4e.be\/?p=2322","title":{"rendered":"Concerts choral avec l&#8217;Ensemble vocal de Bruxelles \u00e0 Bousval &#038; Bruxelles &#8211; ANNUL\u00c9"},"content":{"rendered":"\n<p class=\"has-large-font-size\">Samedi 6 juin \u00e0 18h \u00e0 Bousval &amp; <br>Dimanche 7 juin \u00e0 18h \u00e0 Bruxelles <\/p>\n\n\n\n<h2 class=\"wp-block-heading\">Concert partag\u00e9<\/h2>\n\n\n\n<figure class=\"wp-block-image size-large\"><img decoding=\"async\" loading=\"lazy\" width=\"653\" height=\"1024\" src=\"http:\/\/www.i4e.be\/wp-content\/uploads\/2017\/01\/Della-Robbiachantres-2-653x1024.jpg\" alt=\"\" class=\"wp-image-1645\" srcset=\"http:\/\/www.i4e.be\/wp-content\/uploads\/2017\/01\/Della-Robbiachantres-2-653x1024.jpg 653w, http:\/\/www.i4e.be\/wp-content\/uploads\/2017\/01\/Della-Robbiachantres-2-191x300.jpg 191w, http:\/\/www.i4e.be\/wp-content\/uploads\/2017\/01\/Della-Robbiachantres-2.jpg 694w\" sizes=\"(max-width: 653px) 100vw, 653px\" \/><\/figure>\n","protected":false},"excerpt":{"rendered":"<p>Samedi 6 juin \u00e0 18h \u00e0 Bousval &amp; Dimanche 7 juin \u00e0 18h \u00e0 Bruxelles Concert partag\u00e9<\/p>\n","protected":false},"author":1,"featured_media":1647,"comment_status":"closed","ping_status":"closed","sticky":false,"template":"","format":"standard","meta":{"_coblocks_attr":"","_coblocks_dimensions":"","_coblocks_responsive_height":"","_coblocks_accordion_ie_support":"","footnotes":""},"categories":[3],"tags":[],"_links":{"self":[{"href":"http:\/\/www.i4e.be\/index.php?rest_route=\/wp\/v2\/posts\/2322"}],"collection":[{"href":"http:\/\/www.i4e.be\/index.php?rest_route=\/wp\/v2\/posts"}],"about":[{"href":"http:\/\/www.i4e.be\/index.php?rest_route=\/wp\/v2\/types\/post"}],"author":[{"embeddable":true,"href":"http:\/\/www.i4e.be\/index.php?rest_route=\/wp\/v2\/users\/1"}],"replies":[{"embeddable":true,"href":"http:\/\/www.i4e.be\/index.php?rest_route=%2Fwp%2Fv2%2Fcomments&post=2322"}],"version-history":[{"count":7,"href":"http:\/\/www.i4e.be\/index.php?rest_route=\/wp\/v2\/posts\/2322\/revisions"}],"predecessor-version":[{"id":2402,"href":"http:\/\/www.i4e.be\/index.php?rest_route=\/wp\/v2\/posts\/2322\/revisions\/2402"}],"wp:featuredmedia":[{"embeddable":true,"href":"http:\/\/www.i4e.be\/index.php?rest_route=\/wp\/v2\/media\/1647"}],"wp:attachment":[{"href":"http:\/\/www.i4e.be\/index.php?rest_route=%2Fwp%2Fv2%2Fmedia&parent=2322"}],"wp:term":[{"taxonomy":"category","embeddable":true,"href":"http:\/\/www.i4e.be\/index.php?rest_route=%2Fwp%2Fv2%2Fcategories&post=2322"},{"taxonomy":"post_tag","embeddable":true,"href":"http:\/\/www.i4e.be\/index.php?rest_route=%2Fwp%2Fv2%2Ftags&post=2322"}],"curies":[{"name":"wp","href":"https:\/\/api.w.org\/{rel}","templated":true}]}}