{"id":2494,"date":"2022-05-12T16:41:00","date_gmt":"2022-05-12T16:41:00","guid":{"rendered":"http:\/\/www.i4e.be\/?p=2494"},"modified":"2022-11-30T20:34:36","modified_gmt":"2022-11-30T20:34:36","slug":"concert-choeur-et-orgue-26-06-2022","status":"publish","type":"post","link":"http:\/\/www.i4e.be\/?p=2494","title":{"rendered":"Concert Ch\u0153ur et Orgue &#8211; 26\/06\/2022"},"content":{"rendered":"\n<h2 class=\"wp-block-heading\">Dimanche 26 juin \u00e0 17h<\/h2>\n\n\n\n<h3 class=\"wp-block-heading\">\u00c9glise des Saints-Marie et Joseph, Blocry<br>Rue Haute, 2 \u00e0 Ottignies-Louvain-la-Neuve<\/h3>\n\n\n\n<h4 class=\"wp-block-heading\">En soutien \u00e0 l&#8217;ach\u00e8vement de l&#8217;orgue<\/h4>\n\n\n\n<p><strong>Organiste<\/strong> : S\u00e9bastien Willems<\/p>\n\n\n\n<h4 class=\"wp-block-heading\">Palestrina, Frescobaldi, Aichinger, Busto, Gjielo, Britten, <br>Buxtehude, Mendelssohn, etc.<\/h4>\n\n\n\n<p><strong>R\u00e9servation<\/strong> : organum.novum.94@gmail.com &#8211; 0497 88 42 55<br><strong>Entr\u00e9e<\/strong> : 15 \u20ac, pr\u00e9vente 12 \u20ac, soutien 20 \u20ac, 12-20 ans 10 \u20ac<\/p>\n\n\n\n<figure class=\"wp-block-image size-large\"><a href=\"http:\/\/www.i4e.be\/wp-content\/uploads\/2022\/05\/Affiche-Blocry-A5-26-juin-final.jpg\"><img decoding=\"async\" loading=\"lazy\" width=\"722\" height=\"1024\" src=\"http:\/\/www.i4e.be\/wp-content\/uploads\/2022\/05\/Affiche-Blocry-A5-26-juin-final-722x1024.jpg\" alt=\"\" class=\"wp-image-2495\" srcset=\"http:\/\/www.i4e.be\/wp-content\/uploads\/2022\/05\/Affiche-Blocry-A5-26-juin-final-722x1024.jpg 722w, http:\/\/www.i4e.be\/wp-content\/uploads\/2022\/05\/Affiche-Blocry-A5-26-juin-final-211x300.jpg 211w, http:\/\/www.i4e.be\/wp-content\/uploads\/2022\/05\/Affiche-Blocry-A5-26-juin-final-768x1089.jpg 768w, http:\/\/www.i4e.be\/wp-content\/uploads\/2022\/05\/Affiche-Blocry-A5-26-juin-final-1083x1536.jpg 1083w, http:\/\/www.i4e.be\/wp-content\/uploads\/2022\/05\/Affiche-Blocry-A5-26-juin-final-1444x2048.jpg 1444w, http:\/\/www.i4e.be\/wp-content\/uploads\/2022\/05\/Affiche-Blocry-A5-26-juin-final.jpg 1749w\" sizes=\"(max-width: 722px) 100vw, 722px\" \/><\/a><\/figure>\n","protected":false},"excerpt":{"rendered":"<p>Dimanche 26 juin \u00e0 17h \u00c9glise des Saints-Marie et Joseph, BlocryRue Haute, 2 \u00e0 Ottignies-Louvain-la-Neuve En soutien \u00e0 l&#8217;ach\u00e8vement de l&#8217;orgue Organiste : S\u00e9bastien Willems Palestrina, Frescobaldi, Aichinger, Busto, Gjielo, &#8230;<\/p>\n","protected":false},"author":1,"featured_media":2495,"comment_status":"closed","ping_status":"closed","sticky":false,"template":"","format":"standard","meta":{"_coblocks_attr":"","_coblocks_dimensions":"","_coblocks_responsive_height":"","_coblocks_accordion_ie_support":"","footnotes":""},"categories":[3],"tags":[],"_links":{"self":[{"href":"http:\/\/www.i4e.be\/index.php?rest_route=\/wp\/v2\/posts\/2494"}],"collection":[{"href":"http:\/\/www.i4e.be\/index.php?rest_route=\/wp\/v2\/posts"}],"about":[{"href":"http:\/\/www.i4e.be\/index.php?rest_route=\/wp\/v2\/types\/post"}],"author":[{"embeddable":true,"href":"http:\/\/www.i4e.be\/index.php?rest_route=\/wp\/v2\/users\/1"}],"replies":[{"embeddable":true,"href":"http:\/\/www.i4e.be\/index.php?rest_route=%2Fwp%2Fv2%2Fcomments&post=2494"}],"version-history":[{"count":4,"href":"http:\/\/www.i4e.be\/index.php?rest_route=\/wp\/v2\/posts\/2494\/revisions"}],"predecessor-version":[{"id":2499,"href":"http:\/\/www.i4e.be\/index.php?rest_route=\/wp\/v2\/posts\/2494\/revisions\/2499"}],"wp:featuredmedia":[{"embeddable":true,"href":"http:\/\/www.i4e.be\/index.php?rest_route=\/wp\/v2\/media\/2495"}],"wp:attachment":[{"href":"http:\/\/www.i4e.be\/index.php?rest_route=%2Fwp%2Fv2%2Fmedia&parent=2494"}],"wp:term":[{"taxonomy":"category","embeddable":true,"href":"http:\/\/www.i4e.be\/index.php?rest_route=%2Fwp%2Fv2%2Fcategories&post=2494"},{"taxonomy":"post_tag","embeddable":true,"href":"http:\/\/www.i4e.be\/index.php?rest_route=%2Fwp%2Fv2%2Ftags&post=2494"}],"curies":[{"name":"wp","href":"https:\/\/api.w.org\/{rel}","templated":true}]}}